{"id":265,"date":"2018-10-23T12:59:15","date_gmt":"2018-10-23T10:59:15","guid":{"rendered":"http:\/\/gcons.pulary.cz\/?p=265"},"modified":"2023-01-10T09:22:56","modified_gmt":"2023-01-10T08:22:56","slug":"mosnov-zasakovani-pz-studie-ii","status":"publish","type":"post","link":"http:\/\/gcons.pulary.cz\/en\/mosnov-zasakovani-pz-studie-ii\/","title":{"rendered":"MO\u0160NOV \u2013 ZASAKOV\u00c1N\u00cd PZ \u2013 STUDIE II"},"content":{"rendered":"<p>2012<\/p>\n<p>Zadavatel: Statut\u00e1rn\u00ed m\u011bsto Ostrava<\/p>\n<p>Ov\u011b\u0159en\u00ed pr\u016fb\u011bhu p\u0159ehlouben\u00e9ho subglaci\u00e1ln\u00edho koryta a mo\u017enosti zasakov\u00e1n\u00ed sr\u00e1\u017ekov\u00fdch vod v\u00a0severn\u00ed \u010d\u00e1sti navazuj\u00edc\u00ed<span class=\"pdk\">\u00a0na projektovan\u00fd<\/span>\u00a0are\u00e1l MCOM (Multimod\u00e1ln\u00ed cargo)<\/p>\n<p>&nbsp;<\/p>\n<p><i>Zak\u00e1zka zam\u011b\u0159en<span class=\"pdk\">a na p\u0159edb\u011b\u017en\u00fd<\/span>\u00a0pr\u016fzkum pr\u016fb\u011bhu p\u0159ehlouben\u00e9ho koryta severn\u011b<span class=\"pdk\">\u00a0od projektovan\u00e9ho<\/span>\u00a0are\u00e1lu MCOM v\u00a0Mo\u0161nov\u011b. Posouzen\u00ed polohy koryta a \u00farovn\u011b hladiny podzemn\u00ed vody v\u00a0n\u011bm<span class=\"pdk\">\u00a0ve vztahu<\/span>\u00a0k\u00a0potenci\u00e1ln\u00ed mo\u017enosti v\u00fdstavby rozs\u00e1hl\u00e9ho zasakovac\u00edho objektu. Proveden\u00e9 kontroln\u00edch vrt\u016f, expresn\u00edch n\u00e1levov\u00fdch zkou\u0161ek, kr\u00e1tkodob\u00e9 sledov\u00e1n\u00ed zm\u011bn hladiny<span class=\"pdk\">\u00a0na jednotliv\u00fdch<\/span>\u00a0vrtech, posouzen\u00ed komplexu mo\u017enost\u00ed utr\u00e1cen\u00ed sr\u00e1\u017ekov\u00fdch vod v\u00a0plo\u0161e PZ \u2013 odveden\u00edm sr\u00e1\u017ekov\u00fdch vod k\u00a0jihu<span class=\"pdk\">\u00a0do \u0159eky<\/span>\u00a0Lubiny, proveden\u00ed hydrotechnick\u00fdch v\u00fdpo\u010dt\u016f charakterizuj\u00edc\u00ed bilanci \u00fazem\u00ed<span class=\"pdk\">\u00a0pro zdr\u017een\u00ed<\/span>\u00a0a n\u00e1sledn\u00ed odveden\u00ed sr\u00e1\u017eek.<\/i><\/p>","protected":false},"excerpt":{"rendered":"<p>2012 Zadavatel: Statut\u00e1rn\u00ed m\u011bsto Ostrava Ov\u011b\u0159en\u00ed pr\u016fb\u011bhu p\u0159ehlouben\u00e9ho subglaci\u00e1ln\u00edho koryta &#8230;<\/p>","protected":false},"author":2,"featured_media":0,"comment_status":"closed","ping_status":"open","sticky":false,"template":"","format":"standard","meta":{"footnotes":""},"categories":[8],"tags":[],"class_list":["post-265","post","type-post","status-publish","format-standard","hentry","category-reference-hydrogeologie"],"acf":[],"_links":{"self":[{"href":"http:\/\/gcons.pulary.cz\/en\/wp-json\/wp\/v2\/posts\/265","targetHints":{"allow":["GET"]}}],"collection":[{"href":"http:\/\/gcons.pulary.cz\/en\/wp-json\/wp\/v2\/posts"}],"about":[{"href":"http:\/\/gcons.pulary.cz\/en\/wp-json\/wp\/v2\/types\/post"}],"author":[{"embeddable":true,"href":"http:\/\/gcons.pulary.cz\/en\/wp-json\/wp\/v2\/users\/2"}],"replies":[{"embeddable":true,"href":"http:\/\/gcons.pulary.cz\/en\/wp-json\/wp\/v2\/comments?post=265"}],"version-history":[{"count":2,"href":"http:\/\/gcons.pulary.cz\/en\/wp-json\/wp\/v2\/posts\/265\/revisions"}],"predecessor-version":[{"id":650,"href":"http:\/\/gcons.pulary.cz\/en\/wp-json\/wp\/v2\/posts\/265\/revisions\/650"}],"wp:attachment":[{"href":"http:\/\/gcons.pulary.cz\/en\/wp-json\/wp\/v2\/media?parent=265"}],"wp:term":[{"taxonomy":"category","embeddable":true,"href":"http:\/\/gcons.pulary.cz\/en\/wp-json\/wp\/v2\/categories?post=265"},{"taxonomy":"post_tag","embeddable":true,"href":"http:\/\/gcons.pulary.cz\/en\/wp-json\/wp\/v2\/tags?post=265"}],"curies":[{"name":"wp","href":"https:\/\/api.w.org\/{rel}","templated":true}]}}